{"id":4484,"date":"2021-05-20T12:18:30","date_gmt":"2021-05-20T10:18:30","guid":{"rendered":"https:\/\/www.arche-erlangen.de\/WP\/?p=4484"},"modified":"2021-05-20T13:38:48","modified_gmt":"2021-05-20T11:38:48","slug":"gemeinsam-ackern-fuer-morgen-urban-farming-auf-dem-zukunftsacker","status":"publish","type":"post","link":"https:\/\/www.arche-erlangen.de\/WP\/2021\/05\/20\/gemeinsam-ackern-fuer-morgen-urban-farming-auf-dem-zukunftsacker\/","title":{"rendered":"Gemeinsam ackern f\u00fcr morgen \u2013 Urban Farming auf dem Zukunftsacker"},"content":{"rendered":"\n[et_pb_section fb_built=&#8220;1&#8243; _builder_version=&#8220;4.0.6&#8243;][et_pb_row _builder_version=&#8220;4.0.6&#8243;][et_pb_column type=&#8220;4_4&#8243; _builder_version=&#8220;4.0.6&#8243;][et_pb_text _builder_version=&#8220;4.9.4&#8243;]<p><strong>Gemeinsam ackern f\u00fcr morgen \u2013 Urban Farming auf dem Zukunftsacker<\/strong><\/p>\n<p>Lust auf Gem\u00fcseerlebnisse? Mit Spa\u00df und Leichtigkeit vermittelt unser Acker-Experte von der Ackerpause alles rund um \u00f6kologischen Gem\u00fcseanbau: vom richtigen Auss\u00e4en \u00fcber die Pflege w\u00e4hrend der Ackersaison bis hin zu fetten Ernteerfolgen. Diese werden zusammen mit Gesundheitsberaterin Karin Depner in der Solawik\u00fcche in Kochkursen verarbeitet. Rund um das Bildungsprojekt Zukunftsacker finden Pflanz-, Ernte-, Pflege-, Themen- und Kochworkshops statt.<\/p>\n<p><img loading=\"lazy\" decoding=\"async\" src=\"https:\/\/www.arche-erlangen.de\/WP\/wp-content\/uploads\/2021\/05\/BaZuack-300x167.jpg\" width=\"507\" height=\"282\" alt=\"\" class=\"wp-image-4497 alignnone size-medium\" style=\"display: block; margin-left: auto; margin-right: auto;\" srcset=\"https:\/\/www.arche-erlangen.de\/WP\/wp-content\/uploads\/2021\/05\/BaZuack-300x167.jpg 300w, https:\/\/www.arche-erlangen.de\/WP\/wp-content\/uploads\/2021\/05\/BaZuack-768x427.jpg 768w, https:\/\/www.arche-erlangen.de\/WP\/wp-content\/uploads\/2021\/05\/BaZuack.jpg 800w\" sizes=\"(max-width: 507px) 100vw, 507px\" \/><\/p>\n<p>Wir haben die\u00a0richtige Mischung aus Theorie und Praxis! Nachhaltigkeit und Klimaschutz werden praktisch erlebbar gemacht, Zusammenh\u00e4nge zur Landwirtschaft aufgezeigt und Tipps f\u00fcr den eigenen Alltag gegeben. F\u00fcr die Workshops steht alles bereit, jede*r kann teilnehmen \u2013 ob Neuling am Beet oder Acker-Profi: Es gibt viel Raum f\u00fcr Fragen und Zeit zum Fachsimpeln!<\/p>\n<p>Ein Kooperationsprojekt des Arche Bauernhofs und des Umweltamts mit der Ackerpause, der Solawi und dem Ackergarten Schaufler. Gef\u00f6rdert durch die Deutsche Postcode Lotterie.<\/p>\n<p><img loading=\"lazy\" decoding=\"async\" src=\"https:\/\/www.arche-erlangen.de\/WP\/wp-content\/uploads\/2021\/05\/LogoPostcode-300x212.jpg\" width=\"381\" height=\"269\" alt=\"\" class=\"wp-image-4503 alignnone size-medium\" style=\"display: block; margin-left: auto; margin-right: auto;\" srcset=\"https:\/\/www.arche-erlangen.de\/WP\/wp-content\/uploads\/2021\/05\/LogoPostcode-300x212.jpg 300w, https:\/\/www.arche-erlangen.de\/WP\/wp-content\/uploads\/2021\/05\/LogoPostcode-768x543.jpg 768w, https:\/\/www.arche-erlangen.de\/WP\/wp-content\/uploads\/2021\/05\/LogoPostcode.jpg 800w\" sizes=\"(max-width: 381px) 100vw, 381px\" \/><\/p>\n<p>Mehr zu den Terminen und Workshopinhalten unter <a href=\"http:\/\/www.erlangen.de\/zukunftsacker\" target=\"_blank\" rel=\"noopener\">www.erlangen.de\/zukunftsacker<\/a><\/p>\n<p>&nbsp;<\/p>\n<p>&nbsp;<\/p>\n<p>&nbsp;<\/p>\n<p style=\"margin: 0px 5px 0px 0px;\"><a href=\"http:\/\/www.arche-erlangen.de\"><\/a><\/p>[\/et_pb_text][\/et_pb_column][\/et_pb_row][\/et_pb_section]\n","protected":false},"excerpt":{"rendered":"<p>Ein Kooperationsprojekt des Arche Bauernhofs und des Umweltamts mit der Ackerpause, der Solawi und dem Ackergarten Schaufler. <\/p>\n","protected":false},"author":1,"featured_media":4511,"comment_status":"open","ping_status":"open","sticky":false,"template":"","format":"standard","meta":{"_et_pb_use_builder":"on","_et_pb_old_content":"","_et_gb_content_width":"","footnotes":""},"categories":[27],"tags":[],"class_list":["post-4484","post","type-post","status-publish","format-standard","has-post-thumbnail","hentry","category-aktuelles","et-has-post-format-content","et_post_format-et-post-format-standard"],"_links":{"self":[{"href":"https:\/\/www.arche-erlangen.de\/WP\/wp-json\/wp\/v2\/posts\/4484","targetHints":{"allow":["GET"]}}],"collection":[{"href":"https:\/\/www.arche-erlangen.de\/WP\/wp-json\/wp\/v2\/posts"}],"about":[{"href":"https:\/\/www.arche-erlangen.de\/WP\/wp-json\/wp\/v2\/types\/post"}],"author":[{"embeddable":true,"href":"https:\/\/www.arche-erlangen.de\/WP\/wp-json\/wp\/v2\/users\/1"}],"replies":[{"embeddable":true,"href":"https:\/\/www.arche-erlangen.de\/WP\/wp-json\/wp\/v2\/comments?post=4484"}],"version-history":[{"count":12,"href":"https:\/\/www.arche-erlangen.de\/WP\/wp-json\/wp\/v2\/posts\/4484\/revisions"}],"predecessor-version":[{"id":4512,"href":"https:\/\/www.arche-erlangen.de\/WP\/wp-json\/wp\/v2\/posts\/4484\/revisions\/4512"}],"wp:featuredmedia":[{"embeddable":true,"href":"https:\/\/www.arche-erlangen.de\/WP\/wp-json\/wp\/v2\/media\/4511"}],"wp:attachment":[{"href":"https:\/\/www.arche-erlangen.de\/WP\/wp-json\/wp\/v2\/media?parent=4484"}],"wp:term":[{"taxonomy":"category","embeddable":true,"href":"https:\/\/www.arche-erlangen.de\/WP\/wp-json\/wp\/v2\/categories?post=4484"},{"taxonomy":"post_tag","embeddable":true,"href":"https:\/\/www.arche-erlangen.de\/WP\/wp-json\/wp\/v2\/tags?post=4484"}],"curies":[{"name":"wp","href":"https:\/\/api.w.org\/{rel}","templated":true}]}}