{"id":3799,"date":"2020-11-14T11:47:15","date_gmt":"2020-11-14T10:47:15","guid":{"rendered":"https:\/\/www.arche-erlangen.de\/WP\/?p=3799"},"modified":"2021-03-06T21:05:17","modified_gmt":"2021-03-06T20:05:17","slug":"rosenkohlsalat-mit-birne-und-zimt","status":"publish","type":"post","link":"https:\/\/www.arche-erlangen.de\/WP\/2020\/11\/14\/rosenkohlsalat-mit-birne-und-zimt\/","title":{"rendered":"Rosenkohlsalat mit Birne und Zimt"},"content":{"rendered":"\n[et_pb_section fb_built=&#8220;1&#8243; _builder_version=&#8220;4.0.6&#8243;][et_pb_row column_structure=&#8220;1_2,1_2&#8243; _builder_version=&#8220;4.0.6&#8243; custom_padding=&#8220;62px|||||&#8220;][et_pb_column type=&#8220;1_2&#8243; _builder_version=&#8220;4.0.6&#8243;][et_pb_text _builder_version=&#8220;4.0.6&#8243; hover_enabled=&#8220;0&#8243;]<p><em>nach einem Rezept von Tim M\u00e4lzer<\/em><\/p>\n<p><strong>Zutaten:<\/strong><\/p>\n<p>500 g Rosenkohl, gewaschen und abgetropft<br \/>1 reife aromatische Birne, z.B. Abate, Williams-Christ<br \/> Butter<br \/>1 EL brauner Zucker<br \/>1\/4 \u2013 1\/2 TL Zimt<br \/>100 ml Gem\u00fcsebr\u00fche<br \/>Limettensaft<br \/>Meersalz, frisch gemahlener schwarzer Pfeffer<\/p>\n[\/et_pb_text][\/et_pb_column][et_pb_column type=&#8220;1_2&#8243; _builder_version=&#8220;4.0.6&#8243;][et_pb_image src=&#8220;https:\/\/www.arche-erlangen.de\/WP\/wp-content\/uploads\/2020\/11\/rosenkohl.jpg&#8220; _builder_version=&#8220;4.0.6&#8243;][\/et_pb_image][\/et_pb_column][\/et_pb_row][et_pb_row _builder_version=&#8220;4.0.6&#8243;][et_pb_column type=&#8220;4_4&#8243; _builder_version=&#8220;4.0.6&#8243;][et_pb_text _builder_version=&#8220;4.0.6&#8243;]<p><strong>Zubereitung:<\/strong><\/p>\n<p>Von den Rosenkohlr\u00f6schen die Bl\u00e4tter abzupfen. Die \u00e4u\u00dferen schlechten wegschmei\u00dfen. Es geht besser, wenn man immer wieder ein St\u00fcck des Strunks abschneidet. Holt Euch daf\u00fcr am besten eine\/n Assistenten\/in an eure Seite, dann qu\u00e4lt ihr euch wenigstens nicht allein und habt nur die halbe Arbeit ;).<\/p>\n<p>Die Birne sch\u00e4len, vierteln und das Kerngeh\u00e4use entfernen. Die Birne quer halbieren und in d\u00fcnne Scheiben schneiden.<\/p>\n<p>Die Teller im Ofen (60 \u2013 70\u00b0 C) vorw\u00e4rmen damit der Salat nicht gleich wieder kalt ist, wenn er auf den Tisch kommt.<\/p>\n<p>In einer gro\u00dfen Pfanne den Zucker karamellisieren lassen. Die Butter zugeben. Die Rosenkohlbl\u00e4tter darin kurz anschwenken. Den Zimt und die Br\u00fche zugeben. Die Birne unterr\u00fchren. Alles kurz aufkochen und alles bei kleiner Hitze zugedeckt 5 Minuten ziehen lassen. Mit Salz, Pfeffer und einem Schuss Limettensaft abschmecken.<\/p>[\/et_pb_text][\/et_pb_column][\/et_pb_row][\/et_pb_section]\n","protected":false},"excerpt":{"rendered":"<p>nach einem Rezept von Tim M\u00e4lzer Zutaten: 500 g Rosenkohl, gewaschen und abgetropft1 reife aromatische Birne, z.B. Abate, Williams-Christ Butter1 EL brauner Zucker1\/4 \u2013 1\/2 TL Zimt100 ml Gem\u00fcsebr\u00fcheLimettensaftMeersalz, frisch gemahlener schwarzer Pfeffer Zubereitung: Von den Rosenkohlr\u00f6schen die Bl\u00e4tter abzupfen. Die \u00e4u\u00dferen schlechten wegschmei\u00dfen. Es geht besser, wenn man immer wieder ein St\u00fcck des Strunks [&hellip;]<\/p>\n","protected":false},"author":5,"featured_media":3806,"comment_status":"open","ping_status":"open","sticky":false,"template":"","format":"standard","meta":{"_et_pb_use_builder":"on","_et_pb_old_content":"","_et_gb_content_width":"","footnotes":""},"categories":[5],"tags":[],"class_list":["post-3799","post","type-post","status-publish","format-standard","has-post-thumbnail","hentry","category-rezepte-hausmittel","et-has-post-format-content","et_post_format-et-post-format-standard"],"_links":{"self":[{"href":"https:\/\/www.arche-erlangen.de\/WP\/wp-json\/wp\/v2\/posts\/3799","targetHints":{"allow":["GET"]}}],"collection":[{"href":"https:\/\/www.arche-erlangen.de\/WP\/wp-json\/wp\/v2\/posts"}],"about":[{"href":"https:\/\/www.arche-erlangen.de\/WP\/wp-json\/wp\/v2\/types\/post"}],"author":[{"embeddable":true,"href":"https:\/\/www.arche-erlangen.de\/WP\/wp-json\/wp\/v2\/users\/5"}],"replies":[{"embeddable":true,"href":"https:\/\/www.arche-erlangen.de\/WP\/wp-json\/wp\/v2\/comments?post=3799"}],"version-history":[{"count":8,"href":"https:\/\/www.arche-erlangen.de\/WP\/wp-json\/wp\/v2\/posts\/3799\/revisions"}],"predecessor-version":[{"id":4346,"href":"https:\/\/www.arche-erlangen.de\/WP\/wp-json\/wp\/v2\/posts\/3799\/revisions\/4346"}],"wp:featuredmedia":[{"embeddable":true,"href":"https:\/\/www.arche-erlangen.de\/WP\/wp-json\/wp\/v2\/media\/3806"}],"wp:attachment":[{"href":"https:\/\/www.arche-erlangen.de\/WP\/wp-json\/wp\/v2\/media?parent=3799"}],"wp:term":[{"taxonomy":"category","embeddable":true,"href":"https:\/\/www.arche-erlangen.de\/WP\/wp-json\/wp\/v2\/categories?post=3799"},{"taxonomy":"post_tag","embeddable":true,"href":"https:\/\/www.arche-erlangen.de\/WP\/wp-json\/wp\/v2\/tags?post=3799"}],"curies":[{"name":"wp","href":"https:\/\/api.w.org\/{rel}","templated":true}]}}