{"id":361,"date":"2020-04-19T15:31:21","date_gmt":"2020-04-19T13:31:21","guid":{"rendered":"https:\/\/www.arche-erlangen.de\/WP\/?p=361"},"modified":"2020-07-21T10:05:49","modified_gmt":"2020-07-21T08:05:49","slug":"dinge-teilen","status":"publish","type":"post","link":"https:\/\/www.arche-erlangen.de\/WP\/2020\/04\/19\/dinge-teilen\/","title":{"rendered":"Dinge Teilen"},"content":{"rendered":"<p>[et_pb_section fb_built=&#8220;1&#8243; _builder_version=&#8220;4.0.6&#8243;][et_pb_row _builder_version=&#8220;4.0.6&#8243;][et_pb_column type=&#8220;4_4&#8243; _builder_version=&#8220;4.0.6&#8243;][et_pb_text _builder_version=&#8220;4.0.6&#8243; hover_enabled=&#8220;0&#8243;]<\/p>\n<h4><!-- divi:paragraph --><strong>Was es alles gibt in der teilenden Gesellschaft:<\/strong><\/h4>\n<p><!-- \/divi:paragraph --><!-- divi:paragraph -->Wir haben nun einiges an allgemein nutzbaren Dingen angeschafft und daher brauchen wir einen Katalog mit Bildern unserer Besitzt\u00fcmer. Dazu ben\u00f6tigen wir Bilder, Texte und vor allem Menschen, die das, digital und analog, zusammenstellen.<\/p>\n<p><strong>Nur ein paar Beispiele:<\/strong><\/p>\n<p><!-- \/divi:paragraph --><!-- divi:paragraph --><strong>K\u00fcche und Vorratshaltung:<\/strong> Getreidem\u00fchle, D\u00f6rrautomaten, Einkochtopf, K\u00fcchenmaschine \u2026<br \/> <strong>Kochen im Freien:<\/strong> Gaskocher, Feuerschale, Gulaschtopf, Dutchoven, Kelly Kettle, Gasbackofen, Brotbackofen \u2026<br \/> <strong>Ziemlich anh\u00e4nglich:<\/strong> Kleiner Pkw-Anh\u00e4nger 750 kg (auch mit F\u00fchrerschein B zu ziehen), Erlanger Werkstattwagen (f\u00fcr jede Baustelle), Tandemachs-Anh\u00e4nger 2500 kg (Dreiseitenkipper), Gro\u00dfer Tandemachser mit Auffahrrampe, ein mobiles G\u00e4stezimmer (zur Zeit von einer Studentin genutzt), einen kleinen Wohnwagen Eriba-Pan Touring (750 kg von privat) \u2026<br \/> <strong>Besondere Maschinen und Werkzeuge:<\/strong> Spinnr\u00e4der, Kardierwalze, Freischneider von Stihl, Einachsschlepper von Agria, Traktor Fendt, &#8230; und vieles mehr&#8230;<\/p>\n<p><strong>Wer spinnt denn hier?<\/strong><br \/> Wir haben nun zwei Spinnr\u00e4der, dabei ist eines der besten auf dem Markt:<br \/> www.schwarzenstein-spinningwheels.de\/michi2018.html<br \/> Zusehen und lernen kann man jeden ersten Montag im Monat (oder nach Absprache) bei den Spinnern im B\u00fcrgertreff Isar 12,<br \/> Tel.: 09131\/34546<br \/> Es ist sch\u00f6n, wenn jemand zu den Spinnerinnen Kontakt aufnimmt und sie vielleicht ins Umfeld der Schafgruppe lotsen kann.<\/p>\n<p><strong>Der Erlanger Werkstattwagen<\/strong><br \/> Die Hauptuntersuchung ist neu gemacht. Die Bremse muss nachgestellt werden und der Unterboden braucht etwas Schutz. Die Werkzeuge ben\u00f6tigen eine \u00dcberpr\u00fcfung und eine dauerhafte Markierung\/Beschriftung (Aufkleber, Brennstempel, o.\u00e4.). W\u00fcnschenswert sind: ein Stromaggregat, ein kleiner Kompressor und ein Schutzgasschwei\u00dfger\u00e4t.<\/p>\n<p><!-- \/divi:paragraph --><\/p>\n<p>[\/et_pb_text][\/et_pb_column][\/et_pb_row][\/et_pb_section]<\/p>\n","protected":false},"excerpt":{"rendered":"<p>Was es alles gibt in der teilenden Gesellschaft: Wir haben nun einiges an allgemein nutzbaren Dingen angeschafft und daher brauchen wir einen Katalog mit Bildern unserer Besitzt\u00fcmer. Dazu ben\u00f6tigen wir Bilder, Texte und vor allem Menschen, die das, digital und analog, zusammenstellen. Nur ein paar Beispiele: K\u00fcche und Vorratshaltung: Getreidem\u00fchle, D\u00f6rrautomaten, Einkochtopf, K\u00fcchenmaschine \u2026 Kochen [&hellip;]<\/p>\n","protected":false},"author":2,"featured_media":3247,"comment_status":"open","ping_status":"open","sticky":false,"template":"","format":"standard","meta":{"_et_pb_use_builder":"on","_et_pb_old_content":"","_et_gb_content_width":"","footnotes":""},"categories":[9],"tags":[],"class_list":["post-361","post","type-post","status-publish","format-standard","has-post-thumbnail","hentry","category-handwerken","et-has-post-format-content","et_post_format-et-post-format-standard"],"_links":{"self":[{"href":"https:\/\/www.arche-erlangen.de\/WP\/wp-json\/wp\/v2\/posts\/361","targetHints":{"allow":["GET"]}}],"collection":[{"href":"https:\/\/www.arche-erlangen.de\/WP\/wp-json\/wp\/v2\/posts"}],"about":[{"href":"https:\/\/www.arche-erlangen.de\/WP\/wp-json\/wp\/v2\/types\/post"}],"author":[{"embeddable":true,"href":"https:\/\/www.arche-erlangen.de\/WP\/wp-json\/wp\/v2\/users\/2"}],"replies":[{"embeddable":true,"href":"https:\/\/www.arche-erlangen.de\/WP\/wp-json\/wp\/v2\/comments?post=361"}],"version-history":[{"count":14,"href":"https:\/\/www.arche-erlangen.de\/WP\/wp-json\/wp\/v2\/posts\/361\/revisions"}],"predecessor-version":[{"id":3370,"href":"https:\/\/www.arche-erlangen.de\/WP\/wp-json\/wp\/v2\/posts\/361\/revisions\/3370"}],"wp:featuredmedia":[{"embeddable":true,"href":"https:\/\/www.arche-erlangen.de\/WP\/wp-json\/wp\/v2\/media\/3247"}],"wp:attachment":[{"href":"https:\/\/www.arche-erlangen.de\/WP\/wp-json\/wp\/v2\/media?parent=361"}],"wp:term":[{"taxonomy":"category","embeddable":true,"href":"https:\/\/www.arche-erlangen.de\/WP\/wp-json\/wp\/v2\/categories?post=361"},{"taxonomy":"post_tag","embeddable":true,"href":"https:\/\/www.arche-erlangen.de\/WP\/wp-json\/wp\/v2\/tags?post=361"}],"curies":[{"name":"wp","href":"https:\/\/api.w.org\/{rel}","templated":true}]}}