{"id":3604,"date":"2020-10-11T11:37:04","date_gmt":"2020-10-11T09:37:04","guid":{"rendered":"https:\/\/www.arche-erlangen.de\/WP\/?p=3604"},"modified":"2020-10-28T09:53:56","modified_gmt":"2020-10-28T08:53:56","slug":"schulaktionen","status":"publish","type":"post","link":"https:\/\/www.arche-erlangen.de\/WP\/2020\/10\/11\/schulaktionen\/","title":{"rendered":"Und Action!"},"content":{"rendered":"\n\n[et_pb_section fb_built=&#8220;1&#8243; _builder_version=&#8220;4.0.6&#8243;][et_pb_row column_structure=&#8220;2_5,3_5&#8243; _builder_version=&#8220;4.0.6&#8243; custom_padding=&#8220;||0px|||&#8220;][et_pb_column type=&#8220;2_5&#8243; _builder_version=&#8220;4.0.6&#8243;][et_pb_image src=&#8220;https:\/\/www.arche-erlangen.de\/WP\/wp-content\/uploads\/2020\/10\/P1090758-scaled.jpg&#8220; _builder_version=&#8220;4.0.6&#8243;][\/et_pb_image][\/et_pb_column][et_pb_column type=&#8220;3_5&#8243; _builder_version=&#8220;4.0.6&#8243;][et_pb_text _builder_version=&#8220;4.0.6&#8243; custom_margin=&#8220;||-37px||false|false&#8220; custom_padding=&#8220;||0px|||&#8220;]<p><strong>In wenigen Stunden viel bewegen und triste Landschaft in essbare Schulg\u00e4rten verwandeln!<\/strong> An einem Samstagnachmittag hatten es die ca. 90 Kinder, Eltern und Lehrer*innen geschafft: Die Arbeiten, ausf\u00fchrlich vorbereitet auf 13 Arbeitsbl\u00e4ttern, waren alle erledigt! Ein gro\u00dfes H\u00fcgelbeet wurde angelegt, Palisaden aus Robinienholz terrassieren die neuen Kr\u00e4uterbeete. Hochbeete wurden versetzt und auf den sonnigen Platz kann nun ein Gew\u00e4chshaus gebaut werden. An der S\u00fcdseite der Fassade wuchs in wenigen Stunden ein Spalier in die H\u00f6he und bald k\u00f6nnen hier Weintrauben und Feigen geerntet werden. Eine vor Ort gebaute Sitzbank f\u00fcr den Pausenhof versch\u00f6nert eine ungenutzte Nische. Die IB-Container zum Sammeln von Regenwasser stehen stabil am Fallrohr und sind sicher und sch\u00f6n in Holz eingepackt. Zwei S\u00e4ulenobstreihen k\u00f6nnten im n\u00e4chsten Jahr schon Fr\u00fcchte tragen. Es wurden Wege angelegt, ein neuer Kompostplatz geschaffen und viele Beerenstr\u00e4ucher machen den langweiligen Kiefern(-Steckerles)-Wald k\u00fcnftig zu einem Naschgarten.<\/p>\n<p>&nbsp;<\/p>[\/et_pb_text][\/et_pb_column][\/et_pb_row][et_pb_row column_structure=&#8220;3_4,1_4&#8243; _builder_version=&#8220;4.0.6&#8243;][et_pb_column type=&#8220;3_4&#8243; _builder_version=&#8220;4.0.6&#8243;][et_pb_text _builder_version=&#8220;4.0.6&#8243; hover_enabled=&#8220;0&#8243; custom_padding=&#8220;||0px|||&#8220;]<p>Das Projekt, die Erweiterung des Schulgartens und die Versch\u00f6nerung des Schulgel\u00e4ndes, ist schon seit mehr als einem Jahr in seiner Planungsphase. Christine Huttner, stellvertretend f\u00fcr den Elternbeirat, Jana Schlereth von der Jugendsozialarbeit an Schulen, Stadtjugendamt, und Helmut Wening vom Arche Bauernhof und Stadtrat, gelang es f\u00fcr ihre gemeinsamen Vorbereitung der Gartenaktion die Unterst\u00fctzung der Stadt Erlangen zu bekommen. Pflanzerde, Kompost und Hackschnitzel kamen \u00fcber die Abteilung Stadtgr\u00fcn, finanzielle F\u00f6rderung auch aus dem st\u00e4dtischenTopf f\u00fcr Umweltbildung. Die Teilnahme am Umweltpreis 2019 ergab ebenfalls einen kleinen Zuschuss. Das Geb\u00e4udemanagement der Stadt war au\u00dferdem unterst\u00fctzend dabei. Vom &#8222;Beck&#8220; kamen Brezeln und mit einem herbstlichen Obst- und Gem\u00fcsekorb war zudem f\u00fcr das leibliche Wohl gesorgt. Das coronataugliche Hygienekonzept und der gro\u00dfe Au\u00dfenbereich der Schule machten ein sicheres Arbeiten der gro\u00dfen Helfergruppe m\u00f6glich.\u00a0<\/p>[\/et_pb_text][\/et_pb_column][et_pb_column type=&#8220;1_4&#8243; _builder_version=&#8220;4.0.6&#8243;][et_pb_image src=&#8220;https:\/\/www.arche-erlangen.de\/WP\/wp-content\/uploads\/2020\/10\/P1090725-scaled.jpg&#8220; _builder_version=&#8220;4.0.6&#8243;][\/et_pb_image][\/et_pb_column][\/et_pb_row][et_pb_row _builder_version=&#8220;4.0.6&#8243;][et_pb_column _builder_version=&#8220;4.0.6&#8243; type=&#8220;4_4&#8243;][et_pb_text _builder_version=&#8220;4.0.6&#8243; hover_enabled=&#8220;0&#8243;]<p>Und so blickten sich alle zufrieden und m\u00fcde an, stolz auf das, was die gemeinsame Arbeit in f\u00fcnf Stunden gebracht hatte. Nun m\u00fcssen die Neuanpflanzungen noch vervollst\u00e4ndigt und gepflegt werden. Ein weiteres Projekt ist die farbige Gestaltung des Pausenhofs durch die Jugendkunstschule. Und nat\u00fcrlich fehlt noch das kleine Gew\u00e4chshaus, irgendwie passend f\u00fcr eine Schule, in der so viele kleine Menschen heranwachsen.<\/p>[\/et_pb_text][\/et_pb_column][\/et_pb_row][\/et_pb_section]\n\n","protected":false},"excerpt":{"rendered":"<p>Triste Landschaft in essbare Schulg\u00e4rten verwandeln<\/p>\n","protected":false},"author":3,"featured_media":3523,"comment_status":"closed","ping_status":"closed","sticky":false,"template":"","format":"standard","meta":{"_et_pb_use_builder":"on","_et_pb_old_content":"","_et_gb_content_width":"","footnotes":""},"categories":[27],"tags":[],"class_list":["post-3604","post","type-post","status-publish","format-standard","has-post-thumbnail","hentry","category-aktuelles","et-has-post-format-content","et_post_format-et-post-format-standard"],"_links":{"self":[{"href":"https:\/\/www.arche-erlangen.de\/WP\/wp-json\/wp\/v2\/posts\/3604","targetHints":{"allow":["GET"]}}],"collection":[{"href":"https:\/\/www.arche-erlangen.de\/WP\/wp-json\/wp\/v2\/posts"}],"about":[{"href":"https:\/\/www.arche-erlangen.de\/WP\/wp-json\/wp\/v2\/types\/post"}],"author":[{"embeddable":true,"href":"https:\/\/www.arche-erlangen.de\/WP\/wp-json\/wp\/v2\/users\/3"}],"replies":[{"embeddable":true,"href":"https:\/\/www.arche-erlangen.de\/WP\/wp-json\/wp\/v2\/comments?post=3604"}],"version-history":[{"count":13,"href":"https:\/\/www.arche-erlangen.de\/WP\/wp-json\/wp\/v2\/posts\/3604\/revisions"}],"predecessor-version":[{"id":3695,"href":"https:\/\/www.arche-erlangen.de\/WP\/wp-json\/wp\/v2\/posts\/3604\/revisions\/3695"}],"wp:featuredmedia":[{"embeddable":true,"href":"https:\/\/www.arche-erlangen.de\/WP\/wp-json\/wp\/v2\/media\/3523"}],"wp:attachment":[{"href":"https:\/\/www.arche-erlangen.de\/WP\/wp-json\/wp\/v2\/media?parent=3604"}],"wp:term":[{"taxonomy":"category","embeddable":true,"href":"https:\/\/www.arche-erlangen.de\/WP\/wp-json\/wp\/v2\/categories?post=3604"},{"taxonomy":"post_tag","embeddable":true,"href":"https:\/\/www.arche-erlangen.de\/WP\/wp-json\/wp\/v2\/tags?post=3604"}],"curies":[{"name":"wp","href":"https:\/\/api.w.org\/{rel}","templated":true}]}}